{"id":2579,"date":"2021-11-12T09:13:38","date_gmt":"2021-11-12T08:13:38","guid":{"rendered":"https:\/\/auditaris.com\/consells-per-aplicar-la-llei-de-proteccio-de-dades\/"},"modified":"2021-11-12T09:13:38","modified_gmt":"2021-11-12T08:13:38","slug":"consells-per-aplicar-la-llei-de-proteccio-de-dades","status":"publish","type":"post","link":"https:\/\/auditaris.com\/ca\/consells-per-aplicar-la-llei-de-proteccio-de-dades\/","title":{"rendered":"Consells per aplicar la Llei de protecci\u00f3 de dades"},"content":{"rendered":"<p>Comproveu que el compte de correu que apareix a la Cl\u00e0usula Informativa de Protecci\u00f3 de Dades funciona correctament. Podeu enviar un mail a la mateixa i comprovar la seva correcta recepci\u00f3.<\/p>\n<h2>Exercici Drets ARCO<\/h2>\n<p align=\"justify\">Reviseu que les persones de la vostra organitzaci\u00f3 que tenen acc\u00e9s a dades de car\u00e0cter personal poden informar del procediment a seguir per l&#8217;afectat.<br \/>\nTingueu preparada la Cl\u00e0usula Informativa de Protecci\u00f3 de Dades per lliurar a cada client, tant nou com antic. Aquesta ha de ser signada per cadascun. El full ve preparat amb dues c\u00f2pies, havent de lliurar-ne una al client i arxivar la restant.<\/p>\n<div class=\"vc_row wpb_row vc_row-fluid vc_column-gap-24 vc-container\">\n<div class=\"wpb_column vc_column_container vc_col-sm-12\" data-animation-delay=\"0\" data-parallax-speed=\"1.5\">\n<div class=\"vc_column-inner \">\n<div class=\"wpb_wrapper\">\n<div class=\"et-simple-braket-block-wrapper\">\n<div id=\"et-simple-braket-block-1\" class=\"et-simple-braket-block \">\n<div class=\"braket\">\n<div><strong>10 DIES PER RESPONDRE A L&#8217;AFECTAT<\/strong><\/div>\n<\/div>\n<\/div>\n<\/div>\n<\/div>\n<\/div>\n<\/div>\n<\/div>\n<p align=\"justify\">Recordeu que si heu tingut alguna incid\u00e8ncia on s&#8217;exerciti el dret d&#8217;acc\u00e9s, rectificaci\u00f3, cancel\u00b7laci\u00f3 o oposici\u00f3, teniu un m\u00e0xim de 10 dies per respondre o solucionar la incid\u00e8ncia.<\/p>\n<h2>C\u00f2pies de seguretat<\/h2>\n<p align=\"justify\">Segons la LOPD Ud. ha de realitzar almenys una vegada per setmana c\u00f2pia de seguretat dels fitxers que continguin Dades Personals. \u00c9s possible que si feu c\u00f2pies incrementals, aquestes es vagin realitzant durant la setmana fins a realitzar la c\u00f2pia completa. Superviseu que s&#8217;estan copiant adequadament i sense cap error.<\/p>\n<div class=\"vc_row wpb_row vc_row-fluid vc_column-gap-24 vc-container\">\n<div class=\"wpb_column vc_column_container vc_col-sm-12\" data-animation-delay=\"0\" data-parallax-speed=\"1.5\">\n<div class=\"vc_column-inner \">\n<div class=\"wpb_wrapper\">\n<div class=\"et-simple-braket-block-wrapper\">\n<div id=\"et-simple-braket-block-2\" class=\"et-simple-braket-block \">\n<div class=\"braket\">\n<div><\/div>\n<\/div>\n<div class=\"braket-text\" data-mobile-font=\"inherit\" data-tablet-font=\"inherit\"><strong>SETMANALMENT<\/strong><\/div>\n<\/div>\n<\/div>\n<\/div>\n<\/div>\n<\/div>\n<\/div>\n<p>Comproveu que les c\u00f2pies de seguretat estiguin correctament realitzades i desades en un lloc segur, amb clau.<\/p>\n<div class=\"vc_row wpb_row vc_row-fluid vc_column-gap-24 vc-container\">\n<div class=\"wpb_column vc_column_container vc_col-sm-12\" data-animation-delay=\"0\" data-parallax-speed=\"1.5\">\n<div class=\"vc_column-inner \">\n<div class=\"wpb_wrapper\">\n<div class=\"et-simple-braket-block-wrapper\">\n<div id=\"et-simple-braket-block-3\" class=\"et-simple-braket-block \">\n<div class=\"braket\">\n<div><\/div>\n<\/div>\n<div class=\"braket-text\" data-mobile-font=\"inherit\" data-tablet-font=\"inherit\"><strong>UNA VEGADA AL MES \u00c9S CONVENIENT<\/strong><\/div>\n<\/div>\n<\/div>\n<\/div>\n<\/div>\n<\/div>\n<\/div>\n<p>Realitzeu una prova de restauraci\u00f3 de les c\u00f2pies de seguretat per veure que el seu funcionament \u00e9s correcte.<\/p>\n<h2>Control intern o extern<\/h2>\n<p align=\"justify\">Realitzeu un control intern de tota la documentaci\u00f3 generada respecte a la LOPD. El Responsable de Seguretat i l&#8217;Encarregat de cada fitxer han de revisar que s&#8217;hagi complert amb tota la normativa marcada al Document de Seguretat.<\/p>\n<h2>Claus de seguretat<\/h2>\n<p align=\"justify\">Canvieu totes les claus una vegada a l&#8217;any, tant d&#8217;acc\u00e9s als vostres ordinadors com a les bases de dades. Procureu que estiguin formades per un m\u00ednim de 8 d\u00edgits i que siguin alfanum\u00e8riques, \u00e9s a dir, que barregin n\u00fameros i lletres.<\/p>\n<p align=\"justify\">Arxiveu de forma organitzada tots els correus electr\u00f2nics.<\/p>\n<p align=\"justify\">Reviseu si hi ha hagut canvis en la vostra organitzaci\u00f3 i comproveu que est\u00e0 reflectit al vostre Document de Seguretat. Treballadors nous, canvis d&#8217;ordinador, nous prove\u00efdors a qu\u00e8 cedeixi dades, etc.<\/p>\n<p align=\"justify\">No \u00e9s obligatori, per\u00f2 \u00e9s aconsellable que la seva empresa de LOPD li faci un Manteniment.<\/p>\n<h2>Auditoria nivells mitj\u00e0 i alt<\/h2>\n<p>Si el vostre Nivell \u00e9s Mitj\u00e0 o Alt, la vostra organitzaci\u00f3 est\u00e0 obligada a realitzar una Auditoria cada 2 Anys.<\/p>\n<p>Registreu i solucioneu totes les incid\u00e8ncies que es vagin produint. Registreu al vostre Document de Seguretat totes les Entrades i Sortides de Suports de la vostra organitzaci\u00f3.<\/p>\n<p>Us recomanem la instal\u00b7laci\u00f3 d&#8217;un sistema professional de C\u00f2pies de Seguretat per una empresa professional.<\/p>\n<h2>Destrucci\u00f3 i esborrament de Documents<\/h2>\n<p>Sempre que es procedeixi a la destrucci\u00f3 o esborrament de documents, caldr\u00e0 prendre les mesures oportunes per evitar que puguin accedir a la informaci\u00f3 terceres persones.<\/p>\n<p>Informi i formi els seus recursos humans sobre la Llei de protecci\u00f3 de dades i els processos que han de complir.<\/p>\n<p>Si la vostra organitzaci\u00f3 t\u00e9 p\u00e0gina web ha d&#8217;aplicar el m\u00f2dul LSSI perqu\u00e8 compleixi amb la LOPD.<\/p>\n<p>No realitzeu enviaments no autoritzats de correus electr\u00f2nics ni promocions que no respectin el reglament de la LOPD.<\/p>\n<p>Els suports amb dades especialment sensibles han de permetre la personal autoritzat identificar-los mitjan\u00e7ant un sistema d&#8217;etiquetatge comprensible que dificulti la identificaci\u00f3 a la resta de treballadors.<\/p>\n<h2>Trasllat de Documentaci\u00f3<\/h2>\n<p>Si heu de traslladar documents o suports amb dades personals fora dels seus locals, ho heu de fer sempre sota la supervisi\u00f3 i control del responsable del fitxer o tractament, tenir l&#8217;autoritzaci\u00f3 pertinent i estar degudament reflectit en el document de seguretat. Entre aix\u00f2 documents i suports incloem els adjunts i dades personals remesos en un correu electr\u00f2nic.<\/p>\n<div class=\"vc_row wpb_row vc_row-fluid vc_column-gap-24\">\n<div class=\"vc-container et-clearfix\">\n<div class=\"wpb_column vc_column_container vc_col-sm-3\" data-animation-delay=\"0\" data-parallax-speed=\"1.5\">\n<div class=\"vc_column-inner \">\n<div class=\"wpb_wrapper\">\n<div class=\"wpb_text_column wpb_content_element \">\n<div class=\"wpb_wrapper\">\n<ol>\n<li>Comproveu que el correu electr\u00f2nic que apareix a la Cl\u00e0usula Informativa de Protecci\u00f3 de Dades funciona correctament.<\/li>\n<li>Tingueu preparada la Cl\u00e0usula Informativa de Protecci\u00f3 de Dades per lliurar a cada client, tant nou com antic.<\/li>\n<li>Heu de fer almenys una vegada per setmana una c\u00f2pia de seguretat dels fitxers que continguin dades personals.<\/li>\n<li>Realitzeu un control intern de tota la documentaci\u00f3 generada respecte a la LOPD.<\/li>\n<li>Canvieu totes les claus una vegada a l&#8217;any, tant d&#8217;acc\u00e9s als vostres ordinadors com a les bases de dades.<\/li>\n<li>Si el vostre Nivell \u00e9s Mitj\u00e0 o Alt, la vostra organitzaci\u00f3 est\u00e0 obligada a realitzar una Auditoria cada 2 anys.<\/li>\n<li>No realitzi enviaments no autoritzats de correus electr\u00f2nics ni promocions que no respectin el reglament de la LOPD.<\/li>\n<li>Per traslladar documents o suports amb dades personals, feu-ho sota la supervisi\u00f3 i control del responsable.<\/li>\n<\/ol>\n<\/div>\n<\/div>\n<\/div>\n<\/div>\n<\/div>\n<\/div>\n<\/div>\n","protected":false},"excerpt":{"rendered":"<p>Comproveu que el compte de correu que apareix a la Cl\u00e0usula Informativa de Protecci\u00f3 de Dades funciona correctament. Podeu enviar un mail a la mateixa i comprovar la seva correcta recepci\u00f3. Exercici Drets ARCO Reviseu que les persones de la vostra organitzaci\u00f3 que tenen acc\u00e9s a dades de car\u00e0cter personal poden informar del procediment a &#8230; <a title=\"Consells per aplicar la Llei de protecci\u00f3 de dades\" class=\"read-more\" href=\"https:\/\/auditaris.com\/ca\/consells-per-aplicar-la-llei-de-proteccio-de-dades\/\" aria-label=\"Read more about Consells per aplicar la Llei de protecci\u00f3 de dades\">Read more<\/a><\/p>\n","protected":false},"author":2,"featured_media":2493,"comment_status":"closed","ping_status":"closed","sticky":false,"template":"","format":"standard","meta":{"footnotes":""},"categories":[21],"tags":[],"class_list":["post-2579","post","type-post","status-publish","format-standard","has-post-thumbnail","hentry","category-uncategorized-ca"],"_links":{"self":[{"href":"https:\/\/auditaris.com\/ca\/wp-json\/wp\/v2\/posts\/2579","targetHints":{"allow":["GET"]}}],"collection":[{"href":"https:\/\/auditaris.com\/ca\/wp-json\/wp\/v2\/posts"}],"about":[{"href":"https:\/\/auditaris.com\/ca\/wp-json\/wp\/v2\/types\/post"}],"author":[{"embeddable":true,"href":"https:\/\/auditaris.com\/ca\/wp-json\/wp\/v2\/users\/2"}],"replies":[{"embeddable":true,"href":"https:\/\/auditaris.com\/ca\/wp-json\/wp\/v2\/comments?post=2579"}],"version-history":[{"count":0,"href":"https:\/\/auditaris.com\/ca\/wp-json\/wp\/v2\/posts\/2579\/revisions"}],"wp:featuredmedia":[{"embeddable":true,"href":"https:\/\/auditaris.com\/ca\/wp-json\/wp\/v2\/media\/2493"}],"wp:attachment":[{"href":"https:\/\/auditaris.com\/ca\/wp-json\/wp\/v2\/media?parent=2579"}],"wp:term":[{"taxonomy":"category","embeddable":true,"href":"https:\/\/auditaris.com\/ca\/wp-json\/wp\/v2\/categories?post=2579"},{"taxonomy":"post_tag","embeddable":true,"href":"https:\/\/auditaris.com\/ca\/wp-json\/wp\/v2\/tags?post=2579"}],"curies":[{"name":"wp","href":"https:\/\/api.w.org\/{rel}","templated":true}]}}